
{"id":999,"date":"2024-06-28T16:46:55","date_gmt":"2024-06-28T16:46:55","guid":{"rendered":"https:\/\/alnaelva.no\/?p=999"},"modified":"2024-06-28T16:46:56","modified_gmt":"2024-06-28T16:46:56","slug":"dugnad-sammen-med-oslo-traer-lordag-29-juni","status":"publish","type":"post","link":"https:\/\/alnaelva.no\/?p=999","title":{"rendered":"Dugnad sammen med Oslo Tr\u00e6r l\u00f8rdag 29. juni"},"content":{"rendered":"\n<figure class=\"wp-block-image size-full\"><img loading=\"lazy\" decoding=\"async\" width=\"960\" height=\"720\" src=\"https:\/\/alnaelva.no\/wp-content\/uploads\/2024\/06\/445827468_10161825571161979_5305514037601111643_n.jpg\" alt=\"\" class=\"wp-image-1000\" srcset=\"https:\/\/alnaelva.no\/wp-content\/uploads\/2024\/06\/445827468_10161825571161979_5305514037601111643_n.jpg 960w, https:\/\/alnaelva.no\/wp-content\/uploads\/2024\/06\/445827468_10161825571161979_5305514037601111643_n-300x225.jpg 300w, https:\/\/alnaelva.no\/wp-content\/uploads\/2024\/06\/445827468_10161825571161979_5305514037601111643_n-768x576.jpg 768w, https:\/\/alnaelva.no\/wp-content\/uploads\/2024\/06\/445827468_10161825571161979_5305514037601111643_n-600x450.jpg 600w\" sizes=\"(max-width: 960px) 100vw, 960px\" \/><\/figure>\n\n\n\n<p>Oslo Tr\u00e6r har tatt initiativ til en dugnad som arrangeres av Naturvernforbundet i Groruddalen og Alnaelvas Venner. Oppgaven blir \u00e5 luke rundt tr\u00e6r. Tatie stiller med mat.<\/p>\n\n\n\n<p>Oppm\u00f8te kl 11:00 ved plantefeltet i Grorudparken ved Presteg\u00e5rdsravina.<\/p>\n","protected":false},"excerpt":{"rendered":"<p>Oslo Tr\u00e6r har tatt initiativ til en dugnad som arrangeres av Naturvernforbundet i Groruddalen og Alnaelvas Venner. Oppgaven blir \u00e5 luke rundt tr\u00e6r. Tatie stiller med mat. Oppm\u00f8te kl 11:00 [&hellip;]<\/p>\n","protected":false},"author":1,"featured_media":0,"comment_status":"open","ping_status":"open","sticky":false,"template":"","format":"standard","meta":{"footnotes":""},"categories":[1],"tags":[12,8,33,31,32],"featured_image_urls":{"full":"","thumbnail":"","medium":"","medium_large":"","large":"","1536x1536":"","2048x2048":"","post-thumbnail":""},"post_excerpt_stackable":"<p>Oslo Tr\u00e6r har tatt initiativ til en dugnad som arrangeres av Naturvernforbundet i Groruddalen og Alnaelvas Venner. Oppgaven blir \u00e5 luke rundt tr\u00e6r. Tatie stiller med mat. Oppm\u00f8te kl 11:00 ved plantefeltet i Grorudparken ved Presteg\u00e5rdsravina.<\/p>\n","category_list":"<a href=\"https:\/\/alnaelva.no\/?cat=1\" rel=\"category\">Uncategorized<\/a>","author_info":{"name":"admin","url":"https:\/\/alnaelva.no\/?author=1"},"comments_num":"0 kommentarer","_links":{"self":[{"href":"https:\/\/alnaelva.no\/index.php?rest_route=\/wp\/v2\/posts\/999"}],"collection":[{"href":"https:\/\/alnaelva.no\/index.php?rest_route=\/wp\/v2\/posts"}],"about":[{"href":"https:\/\/alnaelva.no\/index.php?rest_route=\/wp\/v2\/types\/post"}],"author":[{"embeddable":true,"href":"https:\/\/alnaelva.no\/index.php?rest_route=\/wp\/v2\/users\/1"}],"replies":[{"embeddable":true,"href":"https:\/\/alnaelva.no\/index.php?rest_route=%2Fwp%2Fv2%2Fcomments&post=999"}],"version-history":[{"count":1,"href":"https:\/\/alnaelva.no\/index.php?rest_route=\/wp\/v2\/posts\/999\/revisions"}],"predecessor-version":[{"id":1002,"href":"https:\/\/alnaelva.no\/index.php?rest_route=\/wp\/v2\/posts\/999\/revisions\/1002"}],"wp:attachment":[{"href":"https:\/\/alnaelva.no\/index.php?rest_route=%2Fwp%2Fv2%2Fmedia&parent=999"}],"wp:term":[{"taxonomy":"category","embeddable":true,"href":"https:\/\/alnaelva.no\/index.php?rest_route=%2Fwp%2Fv2%2Fcategories&post=999"},{"taxonomy":"post_tag","embeddable":true,"href":"https:\/\/alnaelva.no\/index.php?rest_route=%2Fwp%2Fv2%2Ftags&post=999"}],"curies":[{"name":"wp","href":"https:\/\/api.w.org\/{rel}","templated":true}]}}