
{"id":987,"date":"2024-06-03T21:17:35","date_gmt":"2024-06-03T21:17:35","guid":{"rendered":"https:\/\/alnaelva.no\/?p=987"},"modified":"2024-06-03T21:27:24","modified_gmt":"2024-06-03T21:27:24","slug":"lordag-15-juni-2024-kl-16-20","status":"publish","type":"post","link":"https:\/\/alnaelva.no\/?p=987","title":{"rendered":"L\u00d8RDAG 15. JUNI 2024 KL 16 &#8211; 20"},"content":{"rendered":"\n<p>KULTUR FOR NATUR<br><br>For f\u00f8rste gang: En egen kulturfestival til st\u00f8tte for Alnaelvas Venner! F\u00e5 med deg dette!<\/p>\n\n\n\n<p>Sted: Utescenen i Grorudveien 5<\/p>\n\n\n\n<figure class=\"wp-block-image size-full\"><img loading=\"lazy\" decoding=\"async\" width=\"750\" height=\"503\" src=\"https:\/\/alnaelva.no\/wp-content\/uploads\/2024\/06\/Apne-kulturfornatur-plakat-a3-2024-korr2.png\" alt=\"\" class=\"wp-image-991\" srcset=\"https:\/\/alnaelva.no\/wp-content\/uploads\/2024\/06\/Apne-kulturfornatur-plakat-a3-2024-korr2.png 750w, https:\/\/alnaelva.no\/wp-content\/uploads\/2024\/06\/Apne-kulturfornatur-plakat-a3-2024-korr2-300x201.png 300w\" sizes=\"(max-width: 750px) 100vw, 750px\" \/><\/figure>\n\n\n\n<div data-wp-interactive=\"\" class=\"wp-block-file\"><object data-wp-bind--hidden=\"!selectors.core.file.hasPdfPreview\" hidden class=\"wp-block-file__embed\" data=\"https:\/\/alnaelva.no\/wp-content\/uploads\/2024\/06\/kulturfornatur-plakat-a3-2024-korr2.pdf\" type=\"application\/pdf\" style=\"width:100%;height:600px\" aria-label=\"Innbygging av kulturfornatur-plakat-a3-2024-korr2\"><\/object><a id=\"wp-block-file--media-e110236b-3791-4829-90f6-4581fd2c6027\" href=\"https:\/\/alnaelva.no\/wp-content\/uploads\/2024\/06\/kulturfornatur-plakat-a3-2024-korr2.pdf\">kulturfornatur-plakat-a3-2024-korr2<\/a><a href=\"https:\/\/alnaelva.no\/wp-content\/uploads\/2024\/06\/kulturfornatur-plakat-a3-2024-korr2.pdf\" class=\"wp-block-file__button wp-element-button\" download aria-describedby=\"wp-block-file--media-e110236b-3791-4829-90f6-4581fd2c6027\">Last ned<\/a><\/div>\n","protected":false},"excerpt":{"rendered":"<p>KULTUR FOR NATUR For f\u00f8rste gang: En egen kulturfestival til st\u00f8tte for Alnaelvas Venner! F\u00e5 med deg dette! Sted: Utescenen i Grorudveien 5<\/p>\n","protected":false},"author":1,"featured_media":0,"comment_status":"open","ping_status":"open","sticky":false,"template":"","format":"standard","meta":{"footnotes":""},"categories":[1],"tags":[12,8,24],"featured_image_urls":{"full":"","thumbnail":"","medium":"","medium_large":"","large":"","1536x1536":"","2048x2048":"","post-thumbnail":""},"post_excerpt_stackable":"<p>KULTUR FOR NATURFor f\u00f8rste gang: En egen kulturfestival til st\u00f8tte for Alnaelvas Venner! F\u00e5 med deg dette! Sted: Utescenen i Grorudveien 5 kulturfornatur-plakat-a3-2024-korr2Last ned<\/p>\n","category_list":"<a href=\"https:\/\/alnaelva.no\/?cat=1\" rel=\"category\">Uncategorized<\/a>","author_info":{"name":"admin","url":"https:\/\/alnaelva.no\/?author=1"},"comments_num":"0 kommentarer","_links":{"self":[{"href":"https:\/\/alnaelva.no\/index.php?rest_route=\/wp\/v2\/posts\/987"}],"collection":[{"href":"https:\/\/alnaelva.no\/index.php?rest_route=\/wp\/v2\/posts"}],"about":[{"href":"https:\/\/alnaelva.no\/index.php?rest_route=\/wp\/v2\/types\/post"}],"author":[{"embeddable":true,"href":"https:\/\/alnaelva.no\/index.php?rest_route=\/wp\/v2\/users\/1"}],"replies":[{"embeddable":true,"href":"https:\/\/alnaelva.no\/index.php?rest_route=%2Fwp%2Fv2%2Fcomments&post=987"}],"version-history":[{"count":3,"href":"https:\/\/alnaelva.no\/index.php?rest_route=\/wp\/v2\/posts\/987\/revisions"}],"predecessor-version":[{"id":994,"href":"https:\/\/alnaelva.no\/index.php?rest_route=\/wp\/v2\/posts\/987\/revisions\/994"}],"wp:attachment":[{"href":"https:\/\/alnaelva.no\/index.php?rest_route=%2Fwp%2Fv2%2Fmedia&parent=987"}],"wp:term":[{"taxonomy":"category","embeddable":true,"href":"https:\/\/alnaelva.no\/index.php?rest_route=%2Fwp%2Fv2%2Fcategories&post=987"},{"taxonomy":"post_tag","embeddable":true,"href":"https:\/\/alnaelva.no\/index.php?rest_route=%2Fwp%2Fv2%2Ftags&post=987"}],"curies":[{"name":"wp","href":"https:\/\/api.w.org\/{rel}","templated":true}]}}