
{"id":871,"date":"2023-09-19T20:36:07","date_gmt":"2023-09-19T20:36:07","guid":{"rendered":"https:\/\/alnaelva.no\/?p=871"},"modified":"2024-02-15T15:31:24","modified_gmt":"2024-02-15T15:31:24","slug":"elverusken-2023-i-svartedalen-22-september-kl-0930","status":"publish","type":"post","link":"https:\/\/alnaelva.no\/?p=871","title":{"rendered":"Avsluttet arrangement: Elverusken: ryddeaksjon i Svartedalen 21. september kl 09:30"},"content":{"rendered":"\n<figure class=\"wp-block-image size-large\"><img loading=\"lazy\" decoding=\"async\" width=\"724\" height=\"1024\" src=\"https:\/\/alnaelva.no\/wp-content\/uploads\/2023\/09\/Invitasjon-Alnaelva-21.09.23-724x1024.png\" alt=\"\" class=\"wp-image-889\" srcset=\"https:\/\/alnaelva.no\/wp-content\/uploads\/2023\/09\/Invitasjon-Alnaelva-21.09.23-724x1024.png 724w, https:\/\/alnaelva.no\/wp-content\/uploads\/2023\/09\/Invitasjon-Alnaelva-21.09.23-212x300.png 212w, https:\/\/alnaelva.no\/wp-content\/uploads\/2023\/09\/Invitasjon-Alnaelva-21.09.23-768x1086.png 768w, https:\/\/alnaelva.no\/wp-content\/uploads\/2023\/09\/Invitasjon-Alnaelva-21.09.23-1086x1536.png 1086w, https:\/\/alnaelva.no\/wp-content\/uploads\/2023\/09\/Invitasjon-Alnaelva-21.09.23-1448x2048.png 1448w\" sizes=\"(max-width: 724px) 100vw, 724px\" \/><\/figure>\n\n\n\n<div class=\"wp-block-stackable-text stk-block-text stk-block stk-19cddb7\" data-block-id=\"19cddb7\"><p class=\"stk-block-text__text\">Base: Nederst i Svartdalen &#8211; ved Svartdalen utegym\/ inn v. Enebakkveien (buss 32 til Kv\u00e6rner fra Tollboden)<br><br>I \u00e5r i tar for oss Alnaelva i omr\u00e5det nedenfor Bryn, for nedb\u00f8r og flom har f\u00f8rt mye s\u00f8ppel nedover elva.<br>Basen vil v\u00e6re nederst i Svartdalen, og to arbeidslag fra v\u00e5r entrepren\u00f8r Agaia vil delta i aksjonen og rydde ute i elva.<br><br>Det blir felles pause\u00a0kl. 11:30\u00a0for de som \u00f8nsker det. Ta med vann &amp; niste og m\u00f8t opp i gode sko og arbeidst\u00f8y \u2013 det er mye stein, kvist og kvast. Vi stiller med ryddeutstyr; Vel m\u00f8tt!<\/p><\/div>\n","protected":false},"excerpt":{"rendered":"<p>Base: Nederst i Svartdalen &#8211; ved Svartdalen utegym\/ inn v. Enebakkveien (buss 32 til Kv\u00e6rner fra Tollboden) I \u00e5r i tar for oss Alnaelva i omr\u00e5det nedenfor Bryn, for nedb\u00f8r [&hellip;]<\/p>\n","protected":false},"author":1,"featured_media":0,"comment_status":"open","ping_status":"open","sticky":false,"template":"","format":"standard","meta":{"footnotes":""},"categories":[16],"tags":[],"featured_image_urls":{"full":"","thumbnail":"","medium":"","medium_large":"","large":"","1536x1536":"","2048x2048":"","post-thumbnail":""},"post_excerpt_stackable":"<p>Base: Nederst i Svartdalen &#8211; ved Svartdalen utegym\/ inn v. Enebakkveien (buss 32 til Kv\u00e6rner fra Tollboden)I \u00e5r i tar for oss Alnaelva i omr\u00e5det nedenfor Bryn, for nedb\u00f8r og flom har f\u00f8rt mye s\u00f8ppel nedover elva.Basen vil v\u00e6re nederst i Svartdalen, og to arbeidslag fra v\u00e5r entrepren\u00f8r Agaia vil delta i aksjonen og rydde ute i elva.Det blir felles pause\u00a0kl. 11:30\u00a0for de som \u00f8nsker det. Ta med vann &amp; niste og m\u00f8t opp i gode sko og arbeidst\u00f8y \u2013 det er mye stein, kvist og kvast. Vi stiller med ryddeutstyr; Vel m\u00f8tt!<\/p>\n","category_list":"<a href=\"https:\/\/alnaelva.no\/?cat=16\" rel=\"category\">Arrangement<\/a>","author_info":{"name":"admin","url":"https:\/\/alnaelva.no\/?author=1"},"comments_num":"0 kommentarer","_links":{"self":[{"href":"https:\/\/alnaelva.no\/index.php?rest_route=\/wp\/v2\/posts\/871"}],"collection":[{"href":"https:\/\/alnaelva.no\/index.php?rest_route=\/wp\/v2\/posts"}],"about":[{"href":"https:\/\/alnaelva.no\/index.php?rest_route=\/wp\/v2\/types\/post"}],"author":[{"embeddable":true,"href":"https:\/\/alnaelva.no\/index.php?rest_route=\/wp\/v2\/users\/1"}],"replies":[{"embeddable":true,"href":"https:\/\/alnaelva.no\/index.php?rest_route=%2Fwp%2Fv2%2Fcomments&post=871"}],"version-history":[{"count":9,"href":"https:\/\/alnaelva.no\/index.php?rest_route=\/wp\/v2\/posts\/871\/revisions"}],"predecessor-version":[{"id":937,"href":"https:\/\/alnaelva.no\/index.php?rest_route=\/wp\/v2\/posts\/871\/revisions\/937"}],"wp:attachment":[{"href":"https:\/\/alnaelva.no\/index.php?rest_route=%2Fwp%2Fv2%2Fmedia&parent=871"}],"wp:term":[{"taxonomy":"category","embeddable":true,"href":"https:\/\/alnaelva.no\/index.php?rest_route=%2Fwp%2Fv2%2Fcategories&post=871"},{"taxonomy":"post_tag","embeddable":true,"href":"https:\/\/alnaelva.no\/index.php?rest_route=%2Fwp%2Fv2%2Ftags&post=871"}],"curies":[{"name":"wp","href":"https:\/\/api.w.org\/{rel}","templated":true}]}}