
{"id":844,"date":"2023-09-11T21:42:50","date_gmt":"2023-09-11T21:42:50","guid":{"rendered":"https:\/\/alnaelva.no\/?p=844"},"modified":"2024-02-15T15:31:47","modified_gmt":"2024-02-15T15:31:47","slug":"lysvandring-12-okt-kl-1900","status":"publish","type":"post","link":"https:\/\/alnaelva.no\/?p=844","title":{"rendered":"Avsluttet arrangement: Lysvandring 12. okt. Kl 19:00"},"content":{"rendered":"\n<p>I \u00e5r arrangerer vi lysvandring for 19. gang. Lysvandringen starter p\u00e5 Grorud og Stovner og f\u00f8lger elva helt ned til Kv\u00e6rnerdalen. Du velger selv hvor du vil starte. Lysvandringen drives av frivillige og st\u00f8ttes med midler fra bydelene langs elva. \u00d8nsker du \u00e5 bidra med underholdning langs elva eller hjelpe til med \u00e5 sette ut eller ta inn fakler?<br>Ta kontakt med Alnaelvas venner p\u00e5&nbsp;<a href=\"mailto:post@alnaelva.no\">post@alnaelva.no<\/a><\/p>\n\n\n\n<p><a href=\"https:\/\/m.facebook.com\/events\/3064106060565411\/?ref_source=newsfeed&amp;ref_mechanism=feed_attachment&amp;action_context=%257B%2522action_history%2522%253A%2522null%2522%257D&amp;__hwl=1\">Eventet <\/a>p\u00e5 Facebook<\/p>\n\n\n\n<figure class=\"wp-block-image size-full\"><img loading=\"lazy\" decoding=\"async\" width=\"960\" height=\"960\" src=\"https:\/\/alnaelva.no\/wp-content\/uploads\/2023\/09\/smalvollen.jpeg\" alt=\"\" class=\"wp-image-849\" srcset=\"https:\/\/alnaelva.no\/wp-content\/uploads\/2023\/09\/smalvollen.jpeg 960w, https:\/\/alnaelva.no\/wp-content\/uploads\/2023\/09\/smalvollen-300x300.jpeg 300w, https:\/\/alnaelva.no\/wp-content\/uploads\/2023\/09\/smalvollen-150x150.jpeg 150w, https:\/\/alnaelva.no\/wp-content\/uploads\/2023\/09\/smalvollen-768x768.jpeg 768w\" sizes=\"(max-width: 960px) 100vw, 960px\" \/><\/figure>\n\n\n\n<figure class=\"wp-block-image size-full\"><img loading=\"lazy\" decoding=\"async\" width=\"960\" height=\"960\" src=\"https:\/\/alnaelva.no\/wp-content\/uploads\/2023\/09\/Groruddammen.jpeg\" alt=\"\" class=\"wp-image-848\" srcset=\"https:\/\/alnaelva.no\/wp-content\/uploads\/2023\/09\/Groruddammen.jpeg 960w, https:\/\/alnaelva.no\/wp-content\/uploads\/2023\/09\/Groruddammen-300x300.jpeg 300w, https:\/\/alnaelva.no\/wp-content\/uploads\/2023\/09\/Groruddammen-150x150.jpeg 150w, https:\/\/alnaelva.no\/wp-content\/uploads\/2023\/09\/Groruddammen-768x768.jpeg 768w\" sizes=\"(max-width: 960px) 100vw, 960px\" \/><\/figure>\n\n\n\n<figure class=\"wp-block-image size-full\"><img loading=\"lazy\" decoding=\"async\" width=\"960\" height=\"960\" src=\"https:\/\/alnaelva.no\/wp-content\/uploads\/2023\/09\/kruttverket.jpeg\" alt=\"\" class=\"wp-image-846\" srcset=\"https:\/\/alnaelva.no\/wp-content\/uploads\/2023\/09\/kruttverket.jpeg 960w, https:\/\/alnaelva.no\/wp-content\/uploads\/2023\/09\/kruttverket-300x300.jpeg 300w, https:\/\/alnaelva.no\/wp-content\/uploads\/2023\/09\/kruttverket-150x150.jpeg 150w, https:\/\/alnaelva.no\/wp-content\/uploads\/2023\/09\/kruttverket-768x768.jpeg 768w\" sizes=\"(max-width: 960px) 100vw, 960px\" \/><\/figure>\n","protected":false},"excerpt":{"rendered":"<p>I \u00e5r arrangerer vi lysvandring for 19. gang. Lysvandringen starter p\u00e5 Grorud og Stovner og f\u00f8lger elva helt ned til Kv\u00e6rnerdalen. Du velger selv hvor du vil starte. Lysvandringen drives [&hellip;]<\/p>\n","protected":false},"author":1,"featured_media":0,"comment_status":"open","ping_status":"open","sticky":false,"template":"","format":"standard","meta":{"footnotes":""},"categories":[16],"tags":[],"featured_image_urls":{"full":"","thumbnail":"","medium":"","medium_large":"","large":"","1536x1536":"","2048x2048":"","post-thumbnail":""},"post_excerpt_stackable":"<p>I \u00e5r arrangerer vi lysvandring for 19. gang. Lysvandringen starter p\u00e5 Grorud og Stovner og f\u00f8lger elva helt ned til Kv\u00e6rnerdalen. Du velger selv hvor du vil starte. Lysvandringen drives av frivillige og st\u00f8ttes med midler fra bydelene langs elva. \u00d8nsker du \u00e5 bidra med underholdning langs elva eller hjelpe til med \u00e5 sette ut eller ta inn fakler?Ta kontakt med Alnaelvas venner p\u00e5&nbsp;post@alnaelva.no Eventet p\u00e5 Facebook<\/p>\n","category_list":"<a href=\"https:\/\/alnaelva.no\/?cat=16\" rel=\"category\">Arrangement<\/a>","author_info":{"name":"admin","url":"https:\/\/alnaelva.no\/?author=1"},"comments_num":"0 kommentarer","_links":{"self":[{"href":"https:\/\/alnaelva.no\/index.php?rest_route=\/wp\/v2\/posts\/844"}],"collection":[{"href":"https:\/\/alnaelva.no\/index.php?rest_route=\/wp\/v2\/posts"}],"about":[{"href":"https:\/\/alnaelva.no\/index.php?rest_route=\/wp\/v2\/types\/post"}],"author":[{"embeddable":true,"href":"https:\/\/alnaelva.no\/index.php?rest_route=\/wp\/v2\/users\/1"}],"replies":[{"embeddable":true,"href":"https:\/\/alnaelva.no\/index.php?rest_route=%2Fwp%2Fv2%2Fcomments&post=844"}],"version-history":[{"count":3,"href":"https:\/\/alnaelva.no\/index.php?rest_route=\/wp\/v2\/posts\/844\/revisions"}],"predecessor-version":[{"id":939,"href":"https:\/\/alnaelva.no\/index.php?rest_route=\/wp\/v2\/posts\/844\/revisions\/939"}],"wp:attachment":[{"href":"https:\/\/alnaelva.no\/index.php?rest_route=%2Fwp%2Fv2%2Fmedia&parent=844"}],"wp:term":[{"taxonomy":"category","embeddable":true,"href":"https:\/\/alnaelva.no\/index.php?rest_route=%2Fwp%2Fv2%2Fcategories&post=844"},{"taxonomy":"post_tag","embeddable":true,"href":"https:\/\/alnaelva.no\/index.php?rest_route=%2Fwp%2Fv2%2Ftags&post=844"}],"curies":[{"name":"wp","href":"https:\/\/api.w.org\/{rel}","templated":true}]}}