
{"id":1131,"date":"2025-09-15T11:40:09","date_gmt":"2025-09-15T11:40:09","guid":{"rendered":"https:\/\/alnaelva.no\/?p=1131"},"modified":"2025-09-15T11:43:39","modified_gmt":"2025-09-15T11:43:39","slug":"invitasjon-til-ryddeaksjon-16-september","status":"publish","type":"post","link":"https:\/\/alnaelva.no\/?p=1131","title":{"rendered":"Invitasjon til ryddeaksjon\u00a016. september"},"content":{"rendered":"\n<figure class=\"wp-block-image size-large\"><img loading=\"lazy\" decoding=\"async\" width=\"1024\" height=\"768\" src=\"https:\/\/alnaelva.no\/wp-content\/uploads\/2023\/09\/IMG_3903-1024x768.jpeg\" alt=\"\" class=\"wp-image-916\" srcset=\"https:\/\/alnaelva.no\/wp-content\/uploads\/2023\/09\/IMG_3903-1024x768.jpeg 1024w, https:\/\/alnaelva.no\/wp-content\/uploads\/2023\/09\/IMG_3903-300x225.jpeg 300w, https:\/\/alnaelva.no\/wp-content\/uploads\/2023\/09\/IMG_3903-768x576.jpeg 768w, https:\/\/alnaelva.no\/wp-content\/uploads\/2023\/09\/IMG_3903-1536x1152.jpeg 1536w, https:\/\/alnaelva.no\/wp-content\/uploads\/2023\/09\/IMG_3903-2048x1536.jpeg 2048w, https:\/\/alnaelva.no\/wp-content\/uploads\/2023\/09\/IMG_3903-600x450.jpeg 600w\" sizes=\"(max-width: 1024px) 100vw, 1024px\" \/><\/figure>\n\n\n\n<p><br><br>N\u00e5r: \u00a0\u00a0\u00a0\u00a016.09. kl. 10.00\u00a0&#8211; 14.30<br><br>Base: \u00a0\u00a0Svartdalsparken v. Enebakkveien<br><br>Rusken inviterer til den \u00e5rlige elverydding rundt Alna i samarbeid med Alnaelvas venner.<br><br>I \u00e5r skal vi ta for oss strekningen langs Svartdalen fra Brynsfossen og ned til kulverten ved Svartdalsparken, og v\u00e5r base vil v\u00e6re i Svartdalsparken.<br><br>Praktisk informasjon:<br><br>\u00a0 \u00a0* Ankomst: ved Svartdalen utegym\/ inn v.\u00a0Enebakkveien 69<br>\u00a0 \u00a0* Ta med niste og vannflaske, da det er et stykke til n\u00e6rmeste butikk\/kafe.<br>\u00a0 \u00a0* Bekledning: Arbeidst\u00f8y. Vi oppfordrer til bukser som beskytter huden og vernesko &#8211; kl\u00e6r etter v\u00e6r.<br>\u00a0 \u00a0* Rusken stiller med gode arbeidshansker og refleksvester.<br>\u00a0 \u00a0* Rusken byr p\u00e5 kaffe og bolle i pausen.<br><br>Vi h\u00e5per mange har anledning til \u00e5 delta, da det er en viktig og hyggelig aktivitet som samler organisasjoner og eksterne akt\u00f8rer i samarbeid med Oslo kommune.<\/p>\n\n\n\n<p><a href=\"https:\/\/vimeo.com\/459302252?fl=pl&amp;fe=sh\">Se video fra plastrydding langs Alna.<\/a><\/p>\n","protected":false},"excerpt":{"rendered":"<p>N\u00e5r: \u00a0\u00a0\u00a0\u00a016.09. kl. 10.00\u00a0&#8211; 14.30 Base: \u00a0\u00a0Svartdalsparken v. Enebakkveien Rusken inviterer til den \u00e5rlige elverydding rundt Alna i samarbeid med Alnaelvas venner. I \u00e5r skal vi ta for oss strekningen [&hellip;]<\/p>\n","protected":false},"author":1,"featured_media":0,"comment_status":"open","ping_status":"open","sticky":false,"template":"","format":"standard","meta":{"footnotes":""},"categories":[1],"tags":[8,28,47,23,32,46],"featured_image_urls":{"full":"","thumbnail":"","medium":"","medium_large":"","large":"","1536x1536":"","2048x2048":"","post-thumbnail":""},"post_excerpt_stackable":"<p>N\u00e5r: \u00a0\u00a0\u00a0\u00a016.09. kl. 10.00\u00a0&#8211; 14.30Base: \u00a0\u00a0Svartdalsparken v. EnebakkveienRusken inviterer til den \u00e5rlige elverydding rundt Alna i samarbeid med Alnaelvas venner.I \u00e5r skal vi ta for oss strekningen langs Svartdalen fra Brynsfossen og ned til kulverten ved Svartdalsparken, og v\u00e5r base vil v\u00e6re i Svartdalsparken.Praktisk informasjon:\u00a0 \u00a0* Ankomst: ved Svartdalen utegym\/ inn v.\u00a0Enebakkveien 69\u00a0 \u00a0* Ta med niste og vannflaske, da det er et stykke til n\u00e6rmeste butikk\/kafe.\u00a0 \u00a0* Bekledning: Arbeidst\u00f8y. Vi oppfordrer til bukser som beskytter huden og vernesko &#8211; kl\u00e6r etter v\u00e6r.\u00a0 \u00a0* Rusken stiller med gode arbeidshansker og refleksvester.\u00a0 \u00a0* Rusken byr p\u00e5 kaffe og bolle i pausen.Vi&hellip;<\/p>\n","category_list":"<a href=\"https:\/\/alnaelva.no\/?cat=1\" rel=\"category\">Uncategorized<\/a>","author_info":{"name":"admin","url":"https:\/\/alnaelva.no\/?author=1"},"comments_num":"0 kommentarer","_links":{"self":[{"href":"https:\/\/alnaelva.no\/index.php?rest_route=\/wp\/v2\/posts\/1131"}],"collection":[{"href":"https:\/\/alnaelva.no\/index.php?rest_route=\/wp\/v2\/posts"}],"about":[{"href":"https:\/\/alnaelva.no\/index.php?rest_route=\/wp\/v2\/types\/post"}],"author":[{"embeddable":true,"href":"https:\/\/alnaelva.no\/index.php?rest_route=\/wp\/v2\/users\/1"}],"replies":[{"embeddable":true,"href":"https:\/\/alnaelva.no\/index.php?rest_route=%2Fwp%2Fv2%2Fcomments&post=1131"}],"version-history":[{"count":2,"href":"https:\/\/alnaelva.no\/index.php?rest_route=\/wp\/v2\/posts\/1131\/revisions"}],"predecessor-version":[{"id":1134,"href":"https:\/\/alnaelva.no\/index.php?rest_route=\/wp\/v2\/posts\/1131\/revisions\/1134"}],"wp:attachment":[{"href":"https:\/\/alnaelva.no\/index.php?rest_route=%2Fwp%2Fv2%2Fmedia&parent=1131"}],"wp:term":[{"taxonomy":"category","embeddable":true,"href":"https:\/\/alnaelva.no\/index.php?rest_route=%2Fwp%2Fv2%2Fcategories&post=1131"},{"taxonomy":"post_tag","embeddable":true,"href":"https:\/\/alnaelva.no\/index.php?rest_route=%2Fwp%2Fv2%2Ftags&post=1131"}],"curies":[{"name":"wp","href":"https:\/\/api.w.org\/{rel}","templated":true}]}}