
{"id":1046,"date":"2024-10-28T22:42:51","date_gmt":"2024-10-28T22:42:51","guid":{"rendered":"https:\/\/alnaelva.no\/?p=1046"},"modified":"2024-10-28T22:42:52","modified_gmt":"2024-10-28T22:42:52","slug":"6-fotografers-syn-pa-alnaelva-kruttverket-kulturhus-fra-7-nov","status":"publish","type":"post","link":"https:\/\/alnaelva.no\/?p=1046","title":{"rendered":"6 fotografers syn p\u00e5 Alnaelva, Kruttverket Kulturhus fra 7. nov."},"content":{"rendered":"\n<figure class=\"wp-block-image size-large\"><img loading=\"lazy\" decoding=\"async\" width=\"1024\" height=\"1024\" src=\"https:\/\/alnaelva.no\/wp-content\/uploads\/2024\/10\/3.-Hostspeilinger-2400-Skalert-1024x1024.jpg\" alt=\"\" class=\"wp-image-1047\" srcset=\"https:\/\/alnaelva.no\/wp-content\/uploads\/2024\/10\/3.-Hostspeilinger-2400-Skalert-1024x1024.jpg 1024w, https:\/\/alnaelva.no\/wp-content\/uploads\/2024\/10\/3.-Hostspeilinger-2400-Skalert-300x300.jpg 300w, https:\/\/alnaelva.no\/wp-content\/uploads\/2024\/10\/3.-Hostspeilinger-2400-Skalert-150x150.jpg 150w, https:\/\/alnaelva.no\/wp-content\/uploads\/2024\/10\/3.-Hostspeilinger-2400-Skalert-768x768.jpg 768w, https:\/\/alnaelva.no\/wp-content\/uploads\/2024\/10\/3.-Hostspeilinger-2400-Skalert-1536x1536.jpg 1536w, https:\/\/alnaelva.no\/wp-content\/uploads\/2024\/10\/3.-Hostspeilinger-2400-Skalert.jpg 2000w\" sizes=\"(max-width: 1024px) 100vw, 1024px\" \/><\/figure>\n\n\n\n<p>Hva er det vi ser n\u00e5r vi g\u00e5r langs Alnaelva?<\/p>\n\n\n\n<p>Gjennom 66 bilder vil seks fotografer presentere sitt syn p\u00e5 Alnaelva n\u00e5r det i perioden 7.- 24. november er duket for utstilling i Festsalen p\u00e5 Kruttverket Kulturhus.<\/p>\n\n\n\n<p>Arrang\u00f8ren Alnaelvas Venner har engasjert en gruppe medlemmer fra Oslo Kamera Klubb som det siste knappe \u00e5ret har brukt en del av tida si p\u00e5 \u00e5 vandre med kamera &#8211; sammen og alene &#8211; langs det som er Oslos lengste elv.<\/p>\n\n\n\n<p>De seks fotografene er Anne Westad, Tori Tollefsen, Leif Egil Olsen, Mona Johansson, Janne Myhre Claassen og Harald Bratland Carlsen.<\/p>\n\n\n\n<p>Resultatet av vandringene blir synlig for publikum under en vernissage torsdag 7.november kl.18.00.<\/p>\n\n\n\n<p>Deretter er utstillinga \u00e5pen alle dager unntatt mandager og tirsdager fra kl.12.00 til kl.20.00.<\/p>\n\n\n\n<p>(V\u00e6r oppmerksom p\u00e5 at det s\u00f8ndag 17.november blir arrangert et marked i Festsalen, men det er \u00e5pent for alle. Dessuten vil lukkede selskap finne sted i utstillingslokalet p\u00e5 kveldstid fredag 15., torsdag 21. og fredag 22.november.)<\/p>\n\n\n\n<p>Velkommen skal du v\u00e6re til &laquo;6 fotografers syn p\u00e5 Alnaelva&raquo; i Arnljot Gellines vei 41B, 0657 Oslo.<\/p>\n\n\n\n<figure class=\"wp-block-image\"><img loading=\"lazy\" decoding=\"async\" width=\"1499\" height=\"2000\" src=\"https:\/\/alnaelva.no\/wp-content\/uploads\/2024\/10\/4.DSC_5425-01-Skalert.jpeg\" alt=\"\" class=\"wp-image-1048\" srcset=\"https:\/\/alnaelva.no\/wp-content\/uploads\/2024\/10\/4.DSC_5425-01-Skalert.jpeg 1499w, https:\/\/alnaelva.no\/wp-content\/uploads\/2024\/10\/4.DSC_5425-01-Skalert-225x300.jpeg 225w, https:\/\/alnaelva.no\/wp-content\/uploads\/2024\/10\/4.DSC_5425-01-Skalert-767x1024.jpeg 767w, https:\/\/alnaelva.no\/wp-content\/uploads\/2024\/10\/4.DSC_5425-01-Skalert-768x1025.jpeg 768w, https:\/\/alnaelva.no\/wp-content\/uploads\/2024\/10\/4.DSC_5425-01-Skalert-1151x1536.jpeg 1151w\" sizes=\"(max-width: 1499px) 100vw, 1499px\" \/><\/figure>\n\n\n\n<figure class=\"wp-block-image\"><img loading=\"lazy\" decoding=\"async\" width=\"1500\" height=\"2000\" src=\"https:\/\/alnaelva.no\/wp-content\/uploads\/2024\/10\/AF4A1908-Skalert.jpg\" alt=\"\" class=\"wp-image-1049\" srcset=\"https:\/\/alnaelva.no\/wp-content\/uploads\/2024\/10\/AF4A1908-Skalert.jpg 1500w, https:\/\/alnaelva.no\/wp-content\/uploads\/2024\/10\/AF4A1908-Skalert-225x300.jpg 225w, https:\/\/alnaelva.no\/wp-content\/uploads\/2024\/10\/AF4A1908-Skalert-768x1024.jpg 768w, https:\/\/alnaelva.no\/wp-content\/uploads\/2024\/10\/AF4A1908-Skalert-1152x1536.jpg 1152w\" sizes=\"(max-width: 1500px) 100vw, 1500px\" \/><\/figure>\n\n\n\n<figure class=\"wp-block-image\"><img loading=\"lazy\" decoding=\"async\" width=\"2000\" height=\"2000\" src=\"https:\/\/alnaelva.no\/wp-content\/uploads\/2024\/10\/untitled-7-of-8-Skalert.jpg\" alt=\"\" class=\"wp-image-1050\" srcset=\"https:\/\/alnaelva.no\/wp-content\/uploads\/2024\/10\/untitled-7-of-8-Skalert.jpg 2000w, https:\/\/alnaelva.no\/wp-content\/uploads\/2024\/10\/untitled-7-of-8-Skalert-300x300.jpg 300w, https:\/\/alnaelva.no\/wp-content\/uploads\/2024\/10\/untitled-7-of-8-Skalert-1024x1024.jpg 1024w, https:\/\/alnaelva.no\/wp-content\/uploads\/2024\/10\/untitled-7-of-8-Skalert-150x150.jpg 150w, https:\/\/alnaelva.no\/wp-content\/uploads\/2024\/10\/untitled-7-of-8-Skalert-768x768.jpg 768w, https:\/\/alnaelva.no\/wp-content\/uploads\/2024\/10\/untitled-7-of-8-Skalert-1536x1536.jpg 1536w\" sizes=\"(max-width: 2000px) 100vw, 2000px\" \/><\/figure>\n\n\n\n<figure class=\"wp-block-image\"><img loading=\"lazy\" decoding=\"async\" width=\"2000\" height=\"1333\" src=\"https:\/\/alnaelva.no\/wp-content\/uploads\/2024\/10\/IMG_2024_04_29_4901-Skalert.jpg\" alt=\"\" class=\"wp-image-1051\" srcset=\"https:\/\/alnaelva.no\/wp-content\/uploads\/2024\/10\/IMG_2024_04_29_4901-Skalert.jpg 2000w, https:\/\/alnaelva.no\/wp-content\/uploads\/2024\/10\/IMG_2024_04_29_4901-Skalert-300x200.jpg 300w, https:\/\/alnaelva.no\/wp-content\/uploads\/2024\/10\/IMG_2024_04_29_4901-Skalert-1024x682.jpg 1024w, https:\/\/alnaelva.no\/wp-content\/uploads\/2024\/10\/IMG_2024_04_29_4901-Skalert-768x512.jpg 768w, https:\/\/alnaelva.no\/wp-content\/uploads\/2024\/10\/IMG_2024_04_29_4901-Skalert-1536x1024.jpg 1536w\" sizes=\"(max-width: 2000px) 100vw, 2000px\" \/><\/figure>\n","protected":false},"excerpt":{"rendered":"<p>Hva er det vi ser n\u00e5r vi g\u00e5r langs Alnaelva? Gjennom 66 bilder vil seks fotografer presentere sitt syn p\u00e5 Alnaelva n\u00e5r det i perioden 7.- 24. november er duket [&hellip;]<\/p>\n","protected":false},"author":1,"featured_media":0,"comment_status":"open","ping_status":"open","sticky":false,"template":"","format":"standard","meta":{"footnotes":""},"categories":[16],"tags":[12,8,37,38,39,40],"featured_image_urls":{"full":"","thumbnail":"","medium":"","medium_large":"","large":"","1536x1536":"","2048x2048":"","post-thumbnail":""},"post_excerpt_stackable":"<p>Hva er det vi ser n\u00e5r vi g\u00e5r langs Alnaelva? Gjennom 66 bilder vil seks fotografer presentere sitt syn p\u00e5 Alnaelva n\u00e5r det i perioden 7.- 24. november er duket for utstilling i Festsalen p\u00e5 Kruttverket Kulturhus. Arrang\u00f8ren Alnaelvas Venner har engasjert en gruppe medlemmer fra Oslo Kamera Klubb som det siste knappe \u00e5ret har brukt en del av tida si p\u00e5 \u00e5 vandre med kamera &#8211; sammen og alene &#8211; langs det som er Oslos lengste elv. De seks fotografene er Anne Westad, Tori Tollefsen, Leif Egil Olsen, Mona Johansson, Janne Myhre Claassen og Harald Bratland Carlsen. Resultatet av&hellip;<\/p>\n","category_list":"<a href=\"https:\/\/alnaelva.no\/?cat=16\" rel=\"category\">Arrangement<\/a>","author_info":{"name":"admin","url":"https:\/\/alnaelva.no\/?author=1"},"comments_num":"0 kommentarer","_links":{"self":[{"href":"https:\/\/alnaelva.no\/index.php?rest_route=\/wp\/v2\/posts\/1046"}],"collection":[{"href":"https:\/\/alnaelva.no\/index.php?rest_route=\/wp\/v2\/posts"}],"about":[{"href":"https:\/\/alnaelva.no\/index.php?rest_route=\/wp\/v2\/types\/post"}],"author":[{"embeddable":true,"href":"https:\/\/alnaelva.no\/index.php?rest_route=\/wp\/v2\/users\/1"}],"replies":[{"embeddable":true,"href":"https:\/\/alnaelva.no\/index.php?rest_route=%2Fwp%2Fv2%2Fcomments&post=1046"}],"version-history":[{"count":1,"href":"https:\/\/alnaelva.no\/index.php?rest_route=\/wp\/v2\/posts\/1046\/revisions"}],"predecessor-version":[{"id":1052,"href":"https:\/\/alnaelva.no\/index.php?rest_route=\/wp\/v2\/posts\/1046\/revisions\/1052"}],"wp:attachment":[{"href":"https:\/\/alnaelva.no\/index.php?rest_route=%2Fwp%2Fv2%2Fmedia&parent=1046"}],"wp:term":[{"taxonomy":"category","embeddable":true,"href":"https:\/\/alnaelva.no\/index.php?rest_route=%2Fwp%2Fv2%2Fcategories&post=1046"},{"taxonomy":"post_tag","embeddable":true,"href":"https:\/\/alnaelva.no\/index.php?rest_route=%2Fwp%2Fv2%2Ftags&post=1046"}],"curies":[{"name":"wp","href":"https:\/\/api.w.org\/{rel}","templated":true}]}}