
{"id":1007,"date":"2024-09-09T14:20:37","date_gmt":"2024-09-09T14:20:37","guid":{"rendered":"https:\/\/alnaelva.no\/?p=1007"},"modified":"2024-09-09T14:20:37","modified_gmt":"2024-09-09T14:20:37","slug":"rydding-med-rusken-10-09","status":"publish","type":"post","link":"https:\/\/alnaelva.no\/?p=1007","title":{"rendered":"Rydding med Rusken 10.09."},"content":{"rendered":"\n<p>Rusken i Oslo kommune skal sammen med frivillige gjennomf\u00f8re en ryddeaksjon langs Alnaelva 10.09.<\/p>\n\n\n\n<p><br>Ryddeaksjonen gjennomf\u00f8res \u00e5rlig, og i \u00e5r er strekket langs Terminalveien valgt.<\/p>\n\n\n\n<p><br>Andre grunneiere og leietakere er ogs\u00e5 invitert til \u00e5  bli med p\u00e5 rydding i sitt n\u00e6romr\u00e5de for \u00e5 ivareta Alna og den verdifulle naturen. <br>Viking Kontroll er ogs\u00e5 invitert til \u00e5 bidra dedagen.<\/p>\n\n\n\n<p><br>Vi starter ca. 11.00 og v\u00e5r base vil v\u00e6re i n\u00e6rheten av Viking Kontroll<\/p>\n","protected":false},"excerpt":{"rendered":"<p>Rusken i Oslo kommune skal sammen med frivillige gjennomf\u00f8re en ryddeaksjon langs Alnaelva 10.09. Ryddeaksjonen gjennomf\u00f8res \u00e5rlig, og i \u00e5r er strekket langs Terminalveien valgt. Andre grunneiere og leietakere er [&hellip;]<\/p>\n","protected":false},"author":1,"featured_media":0,"comment_status":"open","ping_status":"open","sticky":false,"template":"","format":"standard","meta":{"footnotes":""},"categories":[1],"tags":[],"featured_image_urls":{"full":"","thumbnail":"","medium":"","medium_large":"","large":"","1536x1536":"","2048x2048":"","post-thumbnail":""},"post_excerpt_stackable":"<p>Rusken i Oslo kommune skal sammen med frivillige gjennomf\u00f8re en ryddeaksjon langs Alnaelva 10.09. Ryddeaksjonen gjennomf\u00f8res \u00e5rlig, og i \u00e5r er strekket langs Terminalveien valgt. Andre grunneiere og leietakere er ogs\u00e5 invitert til \u00e5 bli med p\u00e5 rydding i sitt n\u00e6romr\u00e5de for \u00e5 ivareta Alna og den verdifulle naturen. Viking Kontroll er ogs\u00e5 invitert til \u00e5 bidra dedagen. Vi starter ca. 11.00 og v\u00e5r base vil v\u00e6re i n\u00e6rheten av Viking Kontroll<\/p>\n","category_list":"<a href=\"https:\/\/alnaelva.no\/?cat=1\" rel=\"category\">Uncategorized<\/a>","author_info":{"name":"admin","url":"https:\/\/alnaelva.no\/?author=1"},"comments_num":"0 kommentarer","_links":{"self":[{"href":"https:\/\/alnaelva.no\/index.php?rest_route=\/wp\/v2\/posts\/1007"}],"collection":[{"href":"https:\/\/alnaelva.no\/index.php?rest_route=\/wp\/v2\/posts"}],"about":[{"href":"https:\/\/alnaelva.no\/index.php?rest_route=\/wp\/v2\/types\/post"}],"author":[{"embeddable":true,"href":"https:\/\/alnaelva.no\/index.php?rest_route=\/wp\/v2\/users\/1"}],"replies":[{"embeddable":true,"href":"https:\/\/alnaelva.no\/index.php?rest_route=%2Fwp%2Fv2%2Fcomments&post=1007"}],"version-history":[{"count":1,"href":"https:\/\/alnaelva.no\/index.php?rest_route=\/wp\/v2\/posts\/1007\/revisions"}],"predecessor-version":[{"id":1008,"href":"https:\/\/alnaelva.no\/index.php?rest_route=\/wp\/v2\/posts\/1007\/revisions\/1008"}],"wp:attachment":[{"href":"https:\/\/alnaelva.no\/index.php?rest_route=%2Fwp%2Fv2%2Fmedia&parent=1007"}],"wp:term":[{"taxonomy":"category","embeddable":true,"href":"https:\/\/alnaelva.no\/index.php?rest_route=%2Fwp%2Fv2%2Fcategories&post=1007"},{"taxonomy":"post_tag","embeddable":true,"href":"https:\/\/alnaelva.no\/index.php?rest_route=%2Fwp%2Fv2%2Ftags&post=1007"}],"curies":[{"name":"wp","href":"https:\/\/api.w.org\/{rel}","templated":true}]}}